{"id":4425,"date":"2020-06-16T16:15:35","date_gmt":"2020-06-16T14:15:35","guid":{"rendered":"https:\/\/www.diccionaridemedicina.app\/?p=4425"},"modified":"2020-06-16T16:27:34","modified_gmt":"2020-06-16T14:27:34","slug":"respirar","status":"publish","type":"post","link":"https:\/\/www.diccionaridemedicina.app\/web\/verbs\/respirar\/","title":{"rendered":"respirar"},"content":{"rendered":"<p>[et_pb_section fb_built=&#8221;1&#8243; _builder_version=&#8221;4.4.7&#8243;][et_pb_row _builder_version=&#8221;4.4.7&#8243;][et_pb_column type=&#8221;4_4&#8243; _builder_version=&#8221;4.4.7&#8243;][et_pb_text admin_label=&#8221;T\u00edtol&#8221; module_class=&#8221;definicio-titol&#8221; _builder_version=&#8221;4.4.7&#8243; text_text_color=&#8221;#3d398e&#8221; text_font_size=&#8221;2.6rem&#8221; text_line_height=&#8221;1.2em&#8221; header_text_color=&#8221;#3d398e&#8221; header_font_size=&#8221;2.6rem&#8221; header_2_text_color=&#8221;#3d398e&#8221; header_2_font_size=&#8221;2.6rem&#8221; header_3_text_color=&#8221;#3d398e&#8221; header_3_font_size=&#8221;2.6rem&#8221; header_4_text_color=&#8221;#3d398e&#8221; header_4_font_size=&#8221;2.6rem&#8221; header_5_text_color=&#8221;#3d398e&#8221; header_5_font_size=&#8221;2.6rem&#8221; header_6_text_color=&#8221;#3d398e&#8221; header_6_font_size=&#8221;2.6rem&#8221; global_module=&#8221;4012&#8243; saved_tabs=&#8221;all&#8221;]<\/p>\n<h1>respirar<\/h1>\n<p>[\/et_pb_text][et_pb_text _builder_version=&#8221;4.4.7&#8243; text_font_size=&#8221;18px&#8221; text_line_height=&#8221;1.9em&#8221; header_5_font=&#8221;||on||||||&#8221; header_5_text_color=&#8221;#429e55&#8243; header_5_font_size=&#8221;17px&#8221; header_5_letter_spacing=&#8221;1px&#8221; header_5_line_height=&#8221;1.7em&#8221; custom_margin=&#8221;15px||15px||true|false&#8221; custom_padding=&#8221;5px|5px|15px|5px|false|true&#8221; hover_enabled=&#8221;0&#8243; border_width_bottom=&#8221;1px&#8221; border_color_bottom=&#8221;#89bf4e&#8221; global_module=&#8221;4007&#8243; saved_tabs=&#8221;all&#8221;]<\/p>\n<p>L\u2019asma \u00e9s una malaltia del bronquis que fa que et costi de respirar i tens la sensaci\u00f3 que t\u2019ofegues. Si tens asma, quan fas esfor\u00e7os f\u00edsics com, per exemple, c\u00f3rrer et canses una mica m\u00e9s que les persones que no tenen asma. Moltes vegades necessites un inhalador que t\u2019ajudi a <strong>respirar<\/strong> millor.<\/p>\n<p>[\/et_pb_text][et_pb_text _builder_version=&#8221;4.4.7&#8243; text_font_size=&#8221;18px&#8221; text_line_height=&#8221;1.9em&#8221; header_5_font=&#8221;||on||||||&#8221; header_5_text_color=&#8221;#429e55&#8243; header_5_font_size=&#8221;17px&#8221; header_5_letter_spacing=&#8221;1px&#8221; header_5_line_height=&#8221;1.7em&#8221; custom_margin=&#8221;15px||15px||true|false&#8221; custom_padding=&#8221;5px|5px|15px|5px|false|true&#8221; hover_enabled=&#8221;0&#8243; border_width_bottom=&#8221;1px&#8221; border_color_bottom=&#8221;#89bf4e&#8221; global_module=&#8221;4007&#8243; saved_tabs=&#8221;all&#8221;]<\/p>\n<p>La pell at\u00f2pica \u00e9s quan sues, els plecs no <strong>respiren<\/strong>. S\u2019acostuma a tindre a l\u2019hivern perqu\u00e8 anem molt abrigats, per\u00f2 a l\u2019estiu anem amb pantalons curts i tirants i per aix\u00f2 \u00e9s m\u00e9s dif\u00edcil que et surti.<\/p>\n<h5>Elsa, Escola Vallmanya.<\/h5>\n<p>[\/et_pb_text][\/et_pb_column][\/et_pb_row][\/et_pb_section]<\/p>\n","protected":false},"excerpt":{"rendered":"<p>L\u2019asma \u00e9s una malaltia del bronquis que fa que et costi de respirar i tens la sensaci\u00f3 que t\u2019ofegues. Si tens asma, quan fas esfor\u00e7os f\u00edsics com, per exemple, c\u00f3rrer et canses una mica m\u00e9s que les persones que no tenen asma. Moltes vegades necessites un inhalador que t\u2019ajudi a respirar millor.<\/p>\n","protected":false},"author":1,"featured_media":0,"comment_status":"open","ping_status":"open","sticky":false,"template":"","format":"standard","meta":{"_et_pb_use_builder":"on","_et_pb_old_content":"","_et_gb_content_width":"","iawp_total_views":1,"footnotes":""},"categories":[204],"tags":[],"class_list":["post-4425","post","type-post","status-publish","format-standard","hentry","category-verbs"],"_links":{"self":[{"href":"https:\/\/www.diccionaridemedicina.app\/web\/wp-json\/wp\/v2\/posts\/4425","targetHints":{"allow":["GET"]}}],"collection":[{"href":"https:\/\/www.diccionaridemedicina.app\/web\/wp-json\/wp\/v2\/posts"}],"about":[{"href":"https:\/\/www.diccionaridemedicina.app\/web\/wp-json\/wp\/v2\/types\/post"}],"author":[{"embeddable":true,"href":"https:\/\/www.diccionaridemedicina.app\/web\/wp-json\/wp\/v2\/users\/1"}],"replies":[{"embeddable":true,"href":"https:\/\/www.diccionaridemedicina.app\/web\/wp-json\/wp\/v2\/comments?post=4425"}],"version-history":[{"count":0,"href":"https:\/\/www.diccionaridemedicina.app\/web\/wp-json\/wp\/v2\/posts\/4425\/revisions"}],"wp:attachment":[{"href":"https:\/\/www.diccionaridemedicina.app\/web\/wp-json\/wp\/v2\/media?parent=4425"}],"wp:term":[{"taxonomy":"category","embeddable":true,"href":"https:\/\/www.diccionaridemedicina.app\/web\/wp-json\/wp\/v2\/categories?post=4425"},{"taxonomy":"post_tag","embeddable":true,"href":"https:\/\/www.diccionaridemedicina.app\/web\/wp-json\/wp\/v2\/tags?post=4425"}],"curies":[{"name":"wp","href":"https:\/\/api.w.org\/{rel}","templated":true}]}}